{"id":2210,"date":"2022-05-16T06:48:52","date_gmt":"2022-05-16T06:48:52","guid":{"rendered":"https:\/\/www.indigovenice.com\/\/unconventionalvenice\/\/"},"modified":"2022-05-16T06:48:52","modified_gmt":"2022-05-16T06:48:52","slug":"la-rosa-a-venezia-tra-modernita-e-tradizione","status":"publish","type":"post","link":"https:\/\/www.indigovenice.com\/it\/unconventionalvenice\/la-rosa-a-venezia-tra-modernita-e-tradizione\/","title":{"rendered":"La rosa a Venezia tra modernit\u00e0 e tradizione"},"content":{"rendered":"<p>Che legame ha la rosa con la citt\u00e0 di Venezia? Con l\u2019articolo di oggi vogliamo svelarvi le connessioni speciali che esistono ormai da secoli tra la nostra citt\u00e0 ed il fiore primaverile per eccellenza, la rosa.<\/p>\n<h2>La tradizione della festa del <em>b\u00f2colo<\/em><\/h2>\n<p>Il 25 aprile si celebra <a href=\"https:\/\/www.indigovenice.com\/it\/venice_poi\/la-festa-del-bocolo\/\" target=\"_blank\" rel=\"noopener\">la festa di San Marco Evangelista<\/a>, patrono della citt\u00e0 di Venezia. In questa data \u00e8 usanza, per i veneziani, donare un bocciolo (il b\u00f2colo, in dialetto) di rosa rossa alle proprie amate, come simbolo del sentimento indissolubile che li lega.<\/p>\n<p>Da dove nasce questa tradizione cos\u00ec curiosa? La leggenda pi\u00f9 accreditata narra la tragica storia d\u2019amore di due giovani. Tancredi, ragazzo dalle umili origini, si innamora perdutamente di Maria, figlia del Doge Orso I Partecipazio (in carica tra l&#8217;864 e l&#8217;881). Il Doge, che aspira ad un matrimonio pi\u00f9 vantaggioso per la figlia, non appoggia la relazione tra i due. Cos\u00ec, per mostrarsi valoroso agli occhi del padre di Maria, Tancredi decide di arruolarsi nell\u2019esercito di Carlo Magno.<\/p>\n<p>In battaglia si dimostra coraggioso e porta le truppe, insieme ad Orlando ed altri paladini, a sconfiggere pi\u00f9 volte i Mori. Ciononostante, tradito dal suo stesso impeto, cade in battaglia precipitando in un roseto. Ci\u00f2 che fece quindi ritorno a Venezia fu un bocciolo di rosa tinto del suo stesso sangue. Devastata dal dolore, Maria venne trovata senza vita il giorno dopo aver appreso la notizia, proprio il 25 aprile.<\/p>\n<p><img loading=\"lazy\" decoding=\"async\" class=\"aligncenter wp-image-2087\" src=\"https:\/\/www.indigovenice.com\/wp-content\/uploads\/sites\/44\/2022\/03\/bocolo-san-marco-300x200.jpg\" alt=\"bocolo di san marco\" width=\"600\" height=\"400\" srcset=\"https:\/\/www.indigovenice.com\/wp-content\/uploads\/sites\/44\/2022\/03\/bocolo-san-marco-300x200.jpg 300w, https:\/\/www.indigovenice.com\/wp-content\/uploads\/sites\/44\/2022\/03\/bocolo-san-marco-1024x683.jpg 1024w, https:\/\/www.indigovenice.com\/wp-content\/uploads\/sites\/44\/2022\/03\/bocolo-san-marco-768x512.jpg 768w, https:\/\/www.indigovenice.com\/wp-content\/uploads\/sites\/44\/2022\/03\/bocolo-san-marco-1536x1025.jpg 1536w, https:\/\/www.indigovenice.com\/wp-content\/uploads\/sites\/44\/2022\/03\/bocolo-san-marco-1000x667.jpg 1000w, https:\/\/www.indigovenice.com\/wp-content\/uploads\/sites\/44\/2022\/03\/bocolo-san-marco-1200x800.jpg 1200w, https:\/\/www.indigovenice.com\/wp-content\/uploads\/sites\/44\/2022\/03\/bocolo-san-marco.jpg 1799w\" sizes=\"auto, (max-width: 600px) 100vw, 600px\" \/><\/p>\n<h2>La rosa moceniga: fragranza richiesta in tutto il mondo<\/h2>\n<p>Da oltre due secoli la rosa moceniga fiorisce nei roseti di Villa Mocenigo ad Alvisopoli, in provincia di Venezia . L\u2019aspetto curioso di questo fiore \u00e8 che si tratta di una rara variet\u00e0 proveniente dalla Cina, fatta conoscere a Lucietta Mocenigo, consorte del conte Alvise Mocenigo, dalla sorella di Napoleone, Jos\u00e9phine Bonaparte. Lucietta si innamor\u00f2 delle sue note eleganti e decise di coltivare la specie nel suo giardino.<\/p>\n<p>Al giorno d\u2019oggi la rosa moceniga viene utilizzata dal celebre marchio di profumeria artistica The Merchant of Venice per ricavarne il suo best seller: una fragranza richiesta ed acquistata in tutto il mondo per le sue note delicate ma, allo stesso tempo, decise. Si tratta di una profumazione davvero unica e, se volete apprezzarla in prima persona, vi suggeriamo una visita all\u2019incredibile Spezieria all\u2019Ercole d\u2019Oro, risalente al 1650 e restaurata nel 1848.<\/p>\n<p>Prende ispirazione proprio dalla rosa moceniga anche il romanzo di Andrea di Robilant \u201cSulle tracce di una rosa perduta\u201d pubblicato nel 2020.<\/p>\n<p>L\u2019autore decide di intraprendere un viaggio particolarissimo alla ricerca delle origini della rosa moceniga, dopo averla conosciuta per la prima volta nell\u2019entroterra veneziano. Il viaggio lo conduce dai famosi roseti del Castello di Malmaison, sede dell&#8217;imperatrice Jos\u00e9phine Bonaparte, fino ad un rustico giardino friulano, dove vengono coltivate 1400 specie di rose antiche.<\/p>\n<p>Durante il suo viaggio l\u2019autore entra in contatto con studiosi, botanici, ma anche semplici appassionati grazie ai quali scoprir\u00e0 segreti, aneddoti e notizie scientifiche del fiore pi\u00f9 apprezzato al mondo.<\/p>\n<p><img loading=\"lazy\" decoding=\"async\" class=\"aligncenter wp-image-2211\" src=\"https:\/\/www.indigovenice.com\/wp-content\/uploads\/sites\/44\/2022\/05\/rosa-moceniga-venezia-266x300.png\" alt=\"rosa moceniga\" width=\"600\" height=\"677\" srcset=\"https:\/\/www.indigovenice.com\/wp-content\/uploads\/sites\/44\/2022\/05\/rosa-moceniga-venezia-266x300.png 266w, https:\/\/www.indigovenice.com\/wp-content\/uploads\/sites\/44\/2022\/05\/rosa-moceniga-venezia-768x867.png 768w, https:\/\/www.indigovenice.com\/wp-content\/uploads\/sites\/44\/2022\/05\/rosa-moceniga-venezia.png 800w\" sizes=\"auto, (max-width: 600px) 100vw, 600px\" \/><\/p>\n","protected":false},"excerpt":{"rendered":"<p>Che legame ha la rosa con la citt\u00e0 di Venezia? Con l\u2019articolo di oggi vogliamo svelarvi le connessioni speciali che esistono ormai da secoli tra la nostra citt\u00e0 ed il fiore primaverile per eccellenza, la rosa. La tradizione della festa del b\u00f2colo Il 25 aprile si celebra la festa di San Marco Evangelista, patrono della [&hellip;]<\/p>\n","protected":false},"author":125,"featured_media":0,"comment_status":"closed","ping_status":"closed","sticky":false,"template":"","format":"standard","meta":{"footnotes":""},"class_list":["post-2210","post","type-post","status-publish","format-standard","hentry","post_category-curiosita"],"yoast_head":"<!-- This site is optimized with the Yoast SEO plugin v26.9 - https:\/\/yoast.com\/product\/yoast-seo-wordpress\/ -->\n<title>La rosa a Venezia tra modernit\u00e0 e tradizione - Hotel Indigo Venice - Sant&#039;Elena<\/title>\n<meta name=\"description\" content=\"Vi sveliamo le connessioni speciali che esistono ormai da secoli tra la nostra citt\u00e0 ed il fiore primaverile per eccellenza, la rosa.\" \/>\n<meta name=\"robots\" content=\"index, follow, max-snippet:-1, max-image-preview:large, max-video-preview:-1\" \/>\n<link rel=\"canonical\" href=\"https:\/\/www.indigovenice.com\/it\/unconventionalvenice\/la-rosa-a-venezia-tra-modernita-e-tradizione\/\" \/>\n<meta property=\"og:locale\" content=\"it_IT\" \/>\n<meta property=\"og:type\" content=\"article\" \/>\n<meta property=\"og:title\" content=\"La rosa a Venezia tra modernit\u00e0 e tradizione - Hotel Indigo Venice - Sant&#039;Elena\" \/>\n<meta property=\"og:description\" content=\"Vi sveliamo le connessioni speciali che esistono ormai da secoli tra la nostra citt\u00e0 ed il fiore primaverile per eccellenza, la rosa.\" \/>\n<meta property=\"og:url\" content=\"https:\/\/www.indigovenice.com\/it\/unconventionalvenice\/la-rosa-a-venezia-tra-modernita-e-tradizione\/\" \/>\n<meta property=\"og:site_name\" content=\"Hotel Indigo Venice - Sant&#039;Elena\" \/>\n<meta property=\"article:published_time\" content=\"2022-05-16T06:48:52+00:00\" \/>\n<meta property=\"og:image\" content=\"https:\/\/www.indigovenice.com\/wp-content\/uploads\/sites\/44\/2022\/03\/bocolo-san-marco-300x200.jpg\" \/>\n<meta name=\"author\" content=\"asfarasyoucan\" \/>\n<meta name=\"twitter:card\" content=\"summary_large_image\" \/>\n<meta name=\"twitter:label1\" content=\"Scritto da\" \/>\n\t<meta name=\"twitter:data1\" content=\"asfarasyoucan\" \/>\n\t<meta name=\"twitter:label2\" content=\"Tempo di lettura stimato\" \/>\n\t<meta name=\"twitter:data2\" content=\"2 minuti\" \/>\n<script type=\"application\/ld+json\" class=\"yoast-schema-graph\">{\"@context\":\"https:\/\/schema.org\",\"@graph\":[{\"@type\":\"Article\",\"@id\":\"https:\/\/www.indigovenice.com\/it\/unconventionalvenice\/la-rosa-a-venezia-tra-modernita-e-tradizione\/#article\",\"isPartOf\":{\"@id\":\"https:\/\/www.indigovenice.com\/it\/unconventionalvenice\/la-rosa-a-venezia-tra-modernita-e-tradizione\/\"},\"author\":{\"name\":\"asfarasyoucan\",\"@id\":\"https:\/\/www.indigovenice.com\/it\/#\/schema\/person\/5d279c8c7f3e6029548c5e36c5575e44\"},\"headline\":\"La rosa a Venezia tra modernit\u00e0 e tradizione\",\"datePublished\":\"2022-05-16T06:48:52+00:00\",\"mainEntityOfPage\":{\"@id\":\"https:\/\/www.indigovenice.com\/it\/unconventionalvenice\/la-rosa-a-venezia-tra-modernita-e-tradizione\/\"},\"wordCount\":502,\"image\":{\"@id\":\"https:\/\/www.indigovenice.com\/it\/unconventionalvenice\/la-rosa-a-venezia-tra-modernita-e-tradizione\/#primaryimage\"},\"thumbnailUrl\":\"https:\/\/www.indigovenice.com\/wp-content\/uploads\/sites\/44\/2022\/03\/bocolo-san-marco-300x200.jpg\",\"inLanguage\":\"it-IT\"},{\"@type\":\"WebPage\",\"@id\":\"https:\/\/www.indigovenice.com\/it\/unconventionalvenice\/la-rosa-a-venezia-tra-modernita-e-tradizione\/\",\"url\":\"https:\/\/www.indigovenice.com\/it\/unconventionalvenice\/la-rosa-a-venezia-tra-modernita-e-tradizione\/\",\"name\":\"La rosa a Venezia tra modernit\u00e0 e tradizione - Hotel Indigo Venice - Sant'Elena\",\"isPartOf\":{\"@id\":\"https:\/\/www.indigovenice.com\/it\/#website\"},\"primaryImageOfPage\":{\"@id\":\"https:\/\/www.indigovenice.com\/it\/unconventionalvenice\/la-rosa-a-venezia-tra-modernita-e-tradizione\/#primaryimage\"},\"image\":{\"@id\":\"https:\/\/www.indigovenice.com\/it\/unconventionalvenice\/la-rosa-a-venezia-tra-modernita-e-tradizione\/#primaryimage\"},\"thumbnailUrl\":\"https:\/\/www.indigovenice.com\/wp-content\/uploads\/sites\/44\/2022\/03\/bocolo-san-marco-300x200.jpg\",\"datePublished\":\"2022-05-16T06:48:52+00:00\",\"author\":{\"@id\":\"https:\/\/www.indigovenice.com\/it\/#\/schema\/person\/5d279c8c7f3e6029548c5e36c5575e44\"},\"description\":\"Vi sveliamo le connessioni speciali che esistono ormai da secoli tra la nostra citt\u00e0 ed il fiore primaverile per eccellenza, la rosa.\",\"breadcrumb\":{\"@id\":\"https:\/\/www.indigovenice.com\/it\/unconventionalvenice\/la-rosa-a-venezia-tra-modernita-e-tradizione\/#breadcrumb\"},\"inLanguage\":\"it-IT\",\"potentialAction\":[{\"@type\":\"ReadAction\",\"target\":[\"https:\/\/www.indigovenice.com\/it\/unconventionalvenice\/la-rosa-a-venezia-tra-modernita-e-tradizione\/\"]}]},{\"@type\":\"ImageObject\",\"inLanguage\":\"it-IT\",\"@id\":\"https:\/\/www.indigovenice.com\/it\/unconventionalvenice\/la-rosa-a-venezia-tra-modernita-e-tradizione\/#primaryimage\",\"url\":\"https:\/\/www.indigovenice.com\/wp-content\/uploads\/sites\/44\/2022\/03\/bocolo-san-marco-300x200.jpg\",\"contentUrl\":\"https:\/\/www.indigovenice.com\/wp-content\/uploads\/sites\/44\/2022\/03\/bocolo-san-marco-300x200.jpg\"},{\"@type\":\"BreadcrumbList\",\"@id\":\"https:\/\/www.indigovenice.com\/it\/unconventionalvenice\/la-rosa-a-venezia-tra-modernita-e-tradizione\/#breadcrumb\",\"itemListElement\":[{\"@type\":\"ListItem\",\"position\":1,\"name\":\"Home\",\"item\":\"https:\/\/www.indigovenice.com\/it\/\"},{\"@type\":\"ListItem\",\"position\":2,\"name\":\"La rosa a Venezia tra modernit\u00e0 e tradizione\"}]},{\"@type\":\"WebSite\",\"@id\":\"https:\/\/www.indigovenice.com\/it\/#website\",\"url\":\"https:\/\/www.indigovenice.com\/it\/\",\"name\":\"Hotel Indigo Venice - Sant'Elena\",\"description\":\"Just another ms.decms.eu site\",\"potentialAction\":[{\"@type\":\"SearchAction\",\"target\":{\"@type\":\"EntryPoint\",\"urlTemplate\":\"https:\/\/www.indigovenice.com\/it\/?s={search_term_string}\"},\"query-input\":{\"@type\":\"PropertyValueSpecification\",\"valueRequired\":true,\"valueName\":\"search_term_string\"}}],\"inLanguage\":\"it-IT\"},{\"@type\":\"Person\",\"@id\":\"https:\/\/www.indigovenice.com\/it\/#\/schema\/person\/5d279c8c7f3e6029548c5e36c5575e44\",\"name\":\"asfarasyoucan\",\"image\":{\"@type\":\"ImageObject\",\"inLanguage\":\"it-IT\",\"@id\":\"https:\/\/www.indigovenice.com\/it\/#\/schema\/person\/image\/\",\"url\":\"https:\/\/secure.gravatar.com\/avatar\/5d459d7b5e0de39a24cccd2bd597538aafc77979f5565a342701800360b2cf16?s=96&d=mm&r=g\",\"contentUrl\":\"https:\/\/secure.gravatar.com\/avatar\/5d459d7b5e0de39a24cccd2bd597538aafc77979f5565a342701800360b2cf16?s=96&d=mm&r=g\",\"caption\":\"asfarasyoucan\"},\"url\":\"https:\/\/www.indigovenice.com\/it\/author\/asfarasyoucan\/\"}]}<\/script>\n<!-- \/ Yoast SEO plugin. -->","yoast_head_json":{"title":"La rosa a Venezia tra modernit\u00e0 e tradizione - Hotel Indigo Venice - Sant'Elena","description":"Vi sveliamo le connessioni speciali che esistono ormai da secoli tra la nostra citt\u00e0 ed il fiore primaverile per eccellenza, la rosa.","robots":{"index":"index","follow":"follow","max-snippet":"max-snippet:-1","max-image-preview":"max-image-preview:large","max-video-preview":"max-video-preview:-1"},"canonical":"https:\/\/www.indigovenice.com\/it\/unconventionalvenice\/la-rosa-a-venezia-tra-modernita-e-tradizione\/","og_locale":"it_IT","og_type":"article","og_title":"La rosa a Venezia tra modernit\u00e0 e tradizione - Hotel Indigo Venice - Sant'Elena","og_description":"Vi sveliamo le connessioni speciali che esistono ormai da secoli tra la nostra citt\u00e0 ed il fiore primaverile per eccellenza, la rosa.","og_url":"https:\/\/www.indigovenice.com\/it\/unconventionalvenice\/la-rosa-a-venezia-tra-modernita-e-tradizione\/","og_site_name":"Hotel Indigo Venice - Sant'Elena","article_published_time":"2022-05-16T06:48:52+00:00","og_image":[{"url":"https:\/\/www.indigovenice.com\/wp-content\/uploads\/sites\/44\/2022\/03\/bocolo-san-marco-300x200.jpg","type":"","width":"","height":""}],"author":"asfarasyoucan","twitter_card":"summary_large_image","twitter_misc":{"Scritto da":"asfarasyoucan","Tempo di lettura stimato":"2 minuti"},"schema":{"@context":"https:\/\/schema.org","@graph":[{"@type":"Article","@id":"https:\/\/www.indigovenice.com\/it\/unconventionalvenice\/la-rosa-a-venezia-tra-modernita-e-tradizione\/#article","isPartOf":{"@id":"https:\/\/www.indigovenice.com\/it\/unconventionalvenice\/la-rosa-a-venezia-tra-modernita-e-tradizione\/"},"author":{"name":"asfarasyoucan","@id":"https:\/\/www.indigovenice.com\/it\/#\/schema\/person\/5d279c8c7f3e6029548c5e36c5575e44"},"headline":"La rosa a Venezia tra modernit\u00e0 e tradizione","datePublished":"2022-05-16T06:48:52+00:00","mainEntityOfPage":{"@id":"https:\/\/www.indigovenice.com\/it\/unconventionalvenice\/la-rosa-a-venezia-tra-modernita-e-tradizione\/"},"wordCount":502,"image":{"@id":"https:\/\/www.indigovenice.com\/it\/unconventionalvenice\/la-rosa-a-venezia-tra-modernita-e-tradizione\/#primaryimage"},"thumbnailUrl":"https:\/\/www.indigovenice.com\/wp-content\/uploads\/sites\/44\/2022\/03\/bocolo-san-marco-300x200.jpg","inLanguage":"it-IT"},{"@type":"WebPage","@id":"https:\/\/www.indigovenice.com\/it\/unconventionalvenice\/la-rosa-a-venezia-tra-modernita-e-tradizione\/","url":"https:\/\/www.indigovenice.com\/it\/unconventionalvenice\/la-rosa-a-venezia-tra-modernita-e-tradizione\/","name":"La rosa a Venezia tra modernit\u00e0 e tradizione - Hotel Indigo Venice - Sant'Elena","isPartOf":{"@id":"https:\/\/www.indigovenice.com\/it\/#website"},"primaryImageOfPage":{"@id":"https:\/\/www.indigovenice.com\/it\/unconventionalvenice\/la-rosa-a-venezia-tra-modernita-e-tradizione\/#primaryimage"},"image":{"@id":"https:\/\/www.indigovenice.com\/it\/unconventionalvenice\/la-rosa-a-venezia-tra-modernita-e-tradizione\/#primaryimage"},"thumbnailUrl":"https:\/\/www.indigovenice.com\/wp-content\/uploads\/sites\/44\/2022\/03\/bocolo-san-marco-300x200.jpg","datePublished":"2022-05-16T06:48:52+00:00","author":{"@id":"https:\/\/www.indigovenice.com\/it\/#\/schema\/person\/5d279c8c7f3e6029548c5e36c5575e44"},"description":"Vi sveliamo le connessioni speciali che esistono ormai da secoli tra la nostra citt\u00e0 ed il fiore primaverile per eccellenza, la rosa.","breadcrumb":{"@id":"https:\/\/www.indigovenice.com\/it\/unconventionalvenice\/la-rosa-a-venezia-tra-modernita-e-tradizione\/#breadcrumb"},"inLanguage":"it-IT","potentialAction":[{"@type":"ReadAction","target":["https:\/\/www.indigovenice.com\/it\/unconventionalvenice\/la-rosa-a-venezia-tra-modernita-e-tradizione\/"]}]},{"@type":"ImageObject","inLanguage":"it-IT","@id":"https:\/\/www.indigovenice.com\/it\/unconventionalvenice\/la-rosa-a-venezia-tra-modernita-e-tradizione\/#primaryimage","url":"https:\/\/www.indigovenice.com\/wp-content\/uploads\/sites\/44\/2022\/03\/bocolo-san-marco-300x200.jpg","contentUrl":"https:\/\/www.indigovenice.com\/wp-content\/uploads\/sites\/44\/2022\/03\/bocolo-san-marco-300x200.jpg"},{"@type":"BreadcrumbList","@id":"https:\/\/www.indigovenice.com\/it\/unconventionalvenice\/la-rosa-a-venezia-tra-modernita-e-tradizione\/#breadcrumb","itemListElement":[{"@type":"ListItem","position":1,"name":"Home","item":"https:\/\/www.indigovenice.com\/it\/"},{"@type":"ListItem","position":2,"name":"La rosa a Venezia tra modernit\u00e0 e tradizione"}]},{"@type":"WebSite","@id":"https:\/\/www.indigovenice.com\/it\/#website","url":"https:\/\/www.indigovenice.com\/it\/","name":"Hotel Indigo Venice - Sant'Elena","description":"Just another ms.decms.eu site","potentialAction":[{"@type":"SearchAction","target":{"@type":"EntryPoint","urlTemplate":"https:\/\/www.indigovenice.com\/it\/?s={search_term_string}"},"query-input":{"@type":"PropertyValueSpecification","valueRequired":true,"valueName":"search_term_string"}}],"inLanguage":"it-IT"},{"@type":"Person","@id":"https:\/\/www.indigovenice.com\/it\/#\/schema\/person\/5d279c8c7f3e6029548c5e36c5575e44","name":"asfarasyoucan","image":{"@type":"ImageObject","inLanguage":"it-IT","@id":"https:\/\/www.indigovenice.com\/it\/#\/schema\/person\/image\/","url":"https:\/\/secure.gravatar.com\/avatar\/5d459d7b5e0de39a24cccd2bd597538aafc77979f5565a342701800360b2cf16?s=96&d=mm&r=g","contentUrl":"https:\/\/secure.gravatar.com\/avatar\/5d459d7b5e0de39a24cccd2bd597538aafc77979f5565a342701800360b2cf16?s=96&d=mm&r=g","caption":"asfarasyoucan"},"url":"https:\/\/www.indigovenice.com\/it\/author\/asfarasyoucan\/"}]}},"acf":[],"_links":{"self":[{"href":"https:\/\/www.indigovenice.com\/it\/wp-json\/wp\/v2\/posts\/2210","targetHints":{"allow":["GET"]}}],"collection":[{"href":"https:\/\/www.indigovenice.com\/it\/wp-json\/wp\/v2\/posts"}],"about":[{"href":"https:\/\/www.indigovenice.com\/it\/wp-json\/wp\/v2\/types\/post"}],"author":[{"embeddable":true,"href":"https:\/\/www.indigovenice.com\/it\/wp-json\/wp\/v2\/users\/125"}],"replies":[{"embeddable":true,"href":"https:\/\/www.indigovenice.com\/it\/wp-json\/wp\/v2\/comments?post=2210"}],"version-history":[{"count":0,"href":"https:\/\/www.indigovenice.com\/it\/wp-json\/wp\/v2\/posts\/2210\/revisions"}],"wp:attachment":[{"href":"https:\/\/www.indigovenice.com\/it\/wp-json\/wp\/v2\/media?parent=2210"}],"curies":[{"name":"wp","href":"https:\/\/api.w.org\/{rel}","templated":true}]}}