{"id":2654,"date":"2023-08-29T10:46:16","date_gmt":"2023-08-29T10:46:16","guid":{"rendered":"https:\/\/www.indigovenice.com\/\/unconventionalvenice\/\/"},"modified":"2023-08-29T12:15:56","modified_gmt":"2023-08-29T12:15:56","slug":"passione-cinema-i-festival-piu-attesi-tra-venezia-e-roma","status":"publish","type":"post","link":"https:\/\/www.indigovenice.com\/it\/unconventionalvenice\/passione-cinema-i-festival-piu-attesi-tra-venezia-e-roma\/","title":{"rendered":"Passione Cinema: i festival pi\u00f9 attesi tra Venezia e Roma"},"content":{"rendered":"<p>Venezia e Roma ospiteranno un finale d\u2019estate ed un autunno decisamente interessanti per chi ama il <strong>Cinema<\/strong>. La \u201csettima arte\u201d \u00e8 pronta ad affascinare e far discutere durante due degli <strong>eventi pi\u00f9 attesi dell\u2019anno<\/strong>.<\/p>\n<h2>Mostra Internazionale d\u2019Arte Cinematografica di Venezia<\/h2>\n<h3>Quando: dal 30 agosto al 9 settembre 2023<\/h3>\n<p>Come ogni anno torna, nella splendida cornice del <a href=\"https:\/\/www.indigovenice.com\/it\/venezia\/lido-di-venezia\/\" target=\"_blank\" rel=\"noopener\">Lido<\/a>, uno degli eventi pi\u00f9 attesi nel panorama culturale veneziano. La <a href=\"https:\/\/www.indigovenice.com\/it\/venezia\/eventi-a-venezia\/festival-del-cinema-di-venezia-settembre\/\" target=\"_blank\" rel=\"noopener\">Mostra Internazionale d\u2019Arte Cinematografica<\/a>, organizzata dalla Biennale di Venezia, giunge nel 2023 alla sua <strong>80esima edizione<\/strong>. Si tratta dell&#8217;occasione perfetta anche per usufruire del nostro speciale pacchetto\u00a0<a href=\"https:\/\/www.indigovenice.com\/it\/offerte\/pacchetto-mare-a-venezia\/\" target=\"_blank\" rel=\"noopener\">Pacchetto Mare a Venezia<\/a>.<\/p>\n<p>Evento s\u00ec culturale ma anche <strong>mondano<\/strong>: il chiacchierato red carpet, calcato da alcune delle pi\u00f9 note <strong>star di Hollywood<\/strong>, genera sempre grande curiosit\u00e0 ed aspettativa del pubblico.<\/p>\n<p>La madrina del Festival di Venezia 2023 sar\u00e0 l\u2019attrice sarda <strong>Caterina Murino<\/strong> che condurr\u00e0 le serate di apertura e chiusura della prossima edizione. Murino \u00e8 nota per aver interpretato il personaggio di Solange, la nuova Bond Girl al fianco di Daniel Craig in Casin\u00f2 Royale del 2006.<\/p>\n<p>Il film di apertura sar\u00e0 italiano, <strong>Comandante<\/strong> di Edoardo De Angelis. Il lungometraggio porta l&#8217;Italia nel territorio inusuale del cinema di guerra con <strong>Pierfrancesco Favino<\/strong> nei panni di un comandante di sommergibile nella Seconda Guerra Mondiale.<\/p>\n<p>Sono attese non solo novit\u00e0, ma anche la rassegna <strong>Venezia Classici<\/strong>: dall&#8217;omaggio a Gina Lollobrigida a Bellissima di Luchino Visconti con Anna Magnani, passando per L&#8217;Esorcista diretto da William Friedkin, un viaggio alla scoperta dei migliori restauri di lungometraggi classici.<\/p>\n<p>Chi si aggiudicher\u00e0, quest\u2019anno, l\u2019ambito <strong>Leon d\u2019Oro<\/strong>?<\/p>\n<h2>Festa del Cinema di Roma<\/h2>\n<h3>Quando: dal 18 al 29 ottobre 2023<\/h3>\n<p>Organizzato per la prima volta nel 2006 come festival competitivo, dal 2014 il Festival del Cinema di Roma ha cambiato volto, trasformandosi in una vera e propria <strong>festa del cinema<\/strong>, che nel 2023 giunge alla sua 18esima edizione.<\/p>\n<p>Il fulcro della manifestazione \u00e8 l\u2019auditorium <strong>Parco della Musica Ennio Morricone<\/strong>. Come nel caso di Venezia, mentre nelle sale si susseguono le proiezioni, all\u2019esterno il red carpet accoglie celebrit\u00e0 di fama <strong>internazionale<\/strong> sotto gli sguardi curiosi del pubblico.<\/p>\n<p>Il film di apertura di questa edizione sar\u00e0 <strong>C\u2019\u00e8 ancora domani<\/strong> di Paola Cortellesi, che firma il suo esordio alla regia con un originale <strong>dramedy in bianco e nero<\/strong> ambientato nel Secondo Dopoguerra.<\/p>\n<p>Con il suo palinsesto <strong>ricco e variegato<\/strong>, la Festa del Cinema di Roma offre un&#8217;ampia selezione di pellicole che spazia da opere d&#8217;autore a blockbuster, abbracciando la diversit\u00e0 e la creativit\u00e0 del cinema contemporaneo.<\/p>\n<p>Non solo, quindi, uno spettacolo di luci ed obiettivi, ma anche un teatro di <strong>dibattiti e conversazioni<\/strong> sulla direzione che il cinema sta prendendo, sul suo ruolo nella societ\u00e0 e sulle sfide che dovr\u00e0 affrontare.<\/p>\n<p>Non mancano inoltre mostre, <strong>manifestazioni ed incontri collaterali<\/strong> in diverse zone di Roma. Un esempio \u00e8 CinemaXXI, il segmento del festival che si svolge presso il museo di arte contemporanea MAXXI.<\/p>\n","protected":false},"excerpt":{"rendered":"<p>Venezia e Roma ospiteranno un finale d\u2019estate ed un autunno decisamente interessanti per chi ama il Cinema. La \u201csettima arte\u201d \u00e8 pronta ad affascinare e far discutere durante due degli eventi pi\u00f9 attesi dell\u2019anno. Mostra Internazionale d\u2019Arte Cinematografica di Venezia Quando: dal 30 agosto al 9 settembre 2023 Come ogni anno torna, nella splendida cornice [&hellip;]<\/p>\n","protected":false},"author":125,"featured_media":0,"comment_status":"closed","ping_status":"closed","sticky":false,"template":"","format":"standard","meta":{"footnotes":""},"class_list":["post-2654","post","type-post","status-publish","format-standard","hentry","post_category-i-nostri-tips"],"yoast_head":"<!-- This site is optimized with the Yoast SEO plugin v26.9 - https:\/\/yoast.com\/product\/yoast-seo-wordpress\/ -->\n<title>Passione Cinema: i festival pi\u00f9 attesi tra Venezia e Roma - Hotel Indigo Venice - Sant&#039;Elena<\/title>\n<meta name=\"description\" content=\"Venezia e Roma ospiteranno un finale d\u2019estate ed un autunno imperidbili per chi ama il Cinema. Due eventi attesi dedicati alla settima arte.\" \/>\n<meta name=\"robots\" content=\"index, follow, max-snippet:-1, max-image-preview:large, max-video-preview:-1\" \/>\n<link rel=\"canonical\" href=\"https:\/\/www.indigovenice.com\/it\/unconventionalvenice\/passione-cinema-i-festival-piu-attesi-tra-venezia-e-roma\/\" \/>\n<meta property=\"og:locale\" content=\"it_IT\" \/>\n<meta property=\"og:type\" content=\"article\" \/>\n<meta property=\"og:title\" content=\"Passione Cinema: i festival pi\u00f9 attesi tra Venezia e Roma - Hotel Indigo Venice - Sant&#039;Elena\" \/>\n<meta property=\"og:description\" content=\"Venezia e Roma ospiteranno un finale d\u2019estate ed un autunno imperidbili per chi ama il Cinema. Due eventi attesi dedicati alla settima arte.\" \/>\n<meta property=\"og:url\" content=\"https:\/\/www.indigovenice.com\/it\/unconventionalvenice\/passione-cinema-i-festival-piu-attesi-tra-venezia-e-roma\/\" \/>\n<meta property=\"og:site_name\" content=\"Hotel Indigo Venice - Sant&#039;Elena\" \/>\n<meta property=\"article:published_time\" content=\"2023-08-29T10:46:16+00:00\" \/>\n<meta property=\"article:modified_time\" content=\"2023-08-29T12:15:56+00:00\" \/>\n<meta name=\"author\" content=\"asfarasyoucan\" \/>\n<meta name=\"twitter:card\" content=\"summary_large_image\" \/>\n<meta name=\"twitter:label1\" content=\"Scritto da\" \/>\n\t<meta name=\"twitter:data1\" content=\"asfarasyoucan\" \/>\n\t<meta name=\"twitter:label2\" content=\"Tempo di lettura stimato\" \/>\n\t<meta name=\"twitter:data2\" content=\"2 minuti\" \/>\n<script type=\"application\/ld+json\" class=\"yoast-schema-graph\">{\"@context\":\"https:\/\/schema.org\",\"@graph\":[{\"@type\":\"Article\",\"@id\":\"https:\/\/www.indigovenice.com\/it\/unconventionalvenice\/passione-cinema-i-festival-piu-attesi-tra-venezia-e-roma\/#article\",\"isPartOf\":{\"@id\":\"https:\/\/www.indigovenice.com\/it\/unconventionalvenice\/passione-cinema-i-festival-piu-attesi-tra-venezia-e-roma\/\"},\"author\":{\"name\":\"asfarasyoucan\",\"@id\":\"https:\/\/www.indigovenice.com\/it\/#\/schema\/person\/5d279c8c7f3e6029548c5e36c5575e44\"},\"headline\":\"Passione Cinema: i festival pi\u00f9 attesi tra Venezia e Roma\",\"datePublished\":\"2023-08-29T10:46:16+00:00\",\"dateModified\":\"2023-08-29T12:15:56+00:00\",\"mainEntityOfPage\":{\"@id\":\"https:\/\/www.indigovenice.com\/it\/unconventionalvenice\/passione-cinema-i-festival-piu-attesi-tra-venezia-e-roma\/\"},\"wordCount\":480,\"inLanguage\":\"it-IT\"},{\"@type\":\"WebPage\",\"@id\":\"https:\/\/www.indigovenice.com\/it\/unconventionalvenice\/passione-cinema-i-festival-piu-attesi-tra-venezia-e-roma\/\",\"url\":\"https:\/\/www.indigovenice.com\/it\/unconventionalvenice\/passione-cinema-i-festival-piu-attesi-tra-venezia-e-roma\/\",\"name\":\"Passione Cinema: i festival pi\u00f9 attesi tra Venezia e Roma - Hotel Indigo Venice - Sant'Elena\",\"isPartOf\":{\"@id\":\"https:\/\/www.indigovenice.com\/it\/#website\"},\"datePublished\":\"2023-08-29T10:46:16+00:00\",\"dateModified\":\"2023-08-29T12:15:56+00:00\",\"author\":{\"@id\":\"https:\/\/www.indigovenice.com\/it\/#\/schema\/person\/5d279c8c7f3e6029548c5e36c5575e44\"},\"description\":\"Venezia e Roma ospiteranno un finale d\u2019estate ed un autunno imperidbili per chi ama il Cinema. Due eventi attesi dedicati alla settima arte.\",\"breadcrumb\":{\"@id\":\"https:\/\/www.indigovenice.com\/it\/unconventionalvenice\/passione-cinema-i-festival-piu-attesi-tra-venezia-e-roma\/#breadcrumb\"},\"inLanguage\":\"it-IT\",\"potentialAction\":[{\"@type\":\"ReadAction\",\"target\":[\"https:\/\/www.indigovenice.com\/it\/unconventionalvenice\/passione-cinema-i-festival-piu-attesi-tra-venezia-e-roma\/\"]}]},{\"@type\":\"BreadcrumbList\",\"@id\":\"https:\/\/www.indigovenice.com\/it\/unconventionalvenice\/passione-cinema-i-festival-piu-attesi-tra-venezia-e-roma\/#breadcrumb\",\"itemListElement\":[{\"@type\":\"ListItem\",\"position\":1,\"name\":\"Home\",\"item\":\"https:\/\/www.indigovenice.com\/it\/\"},{\"@type\":\"ListItem\",\"position\":2,\"name\":\"Passione Cinema: i festival pi\u00f9 attesi tra Venezia e Roma\"}]},{\"@type\":\"WebSite\",\"@id\":\"https:\/\/www.indigovenice.com\/it\/#website\",\"url\":\"https:\/\/www.indigovenice.com\/it\/\",\"name\":\"Hotel Indigo Venice - Sant'Elena\",\"description\":\"Just another ms.decms.eu site\",\"potentialAction\":[{\"@type\":\"SearchAction\",\"target\":{\"@type\":\"EntryPoint\",\"urlTemplate\":\"https:\/\/www.indigovenice.com\/it\/?s={search_term_string}\"},\"query-input\":{\"@type\":\"PropertyValueSpecification\",\"valueRequired\":true,\"valueName\":\"search_term_string\"}}],\"inLanguage\":\"it-IT\"},{\"@type\":\"Person\",\"@id\":\"https:\/\/www.indigovenice.com\/it\/#\/schema\/person\/5d279c8c7f3e6029548c5e36c5575e44\",\"name\":\"asfarasyoucan\",\"image\":{\"@type\":\"ImageObject\",\"inLanguage\":\"it-IT\",\"@id\":\"https:\/\/www.indigovenice.com\/it\/#\/schema\/person\/image\/\",\"url\":\"https:\/\/secure.gravatar.com\/avatar\/5d459d7b5e0de39a24cccd2bd597538aafc77979f5565a342701800360b2cf16?s=96&d=mm&r=g\",\"contentUrl\":\"https:\/\/secure.gravatar.com\/avatar\/5d459d7b5e0de39a24cccd2bd597538aafc77979f5565a342701800360b2cf16?s=96&d=mm&r=g\",\"caption\":\"asfarasyoucan\"},\"url\":\"https:\/\/www.indigovenice.com\/it\/author\/asfarasyoucan\/\"}]}<\/script>\n<!-- \/ Yoast SEO plugin. -->","yoast_head_json":{"title":"Passione Cinema: i festival pi\u00f9 attesi tra Venezia e Roma - Hotel Indigo Venice - Sant'Elena","description":"Venezia e Roma ospiteranno un finale d\u2019estate ed un autunno imperidbili per chi ama il Cinema. Due eventi attesi dedicati alla settima arte.","robots":{"index":"index","follow":"follow","max-snippet":"max-snippet:-1","max-image-preview":"max-image-preview:large","max-video-preview":"max-video-preview:-1"},"canonical":"https:\/\/www.indigovenice.com\/it\/unconventionalvenice\/passione-cinema-i-festival-piu-attesi-tra-venezia-e-roma\/","og_locale":"it_IT","og_type":"article","og_title":"Passione Cinema: i festival pi\u00f9 attesi tra Venezia e Roma - Hotel Indigo Venice - Sant'Elena","og_description":"Venezia e Roma ospiteranno un finale d\u2019estate ed un autunno imperidbili per chi ama il Cinema. Due eventi attesi dedicati alla settima arte.","og_url":"https:\/\/www.indigovenice.com\/it\/unconventionalvenice\/passione-cinema-i-festival-piu-attesi-tra-venezia-e-roma\/","og_site_name":"Hotel Indigo Venice - Sant'Elena","article_published_time":"2023-08-29T10:46:16+00:00","article_modified_time":"2023-08-29T12:15:56+00:00","author":"asfarasyoucan","twitter_card":"summary_large_image","twitter_misc":{"Scritto da":"asfarasyoucan","Tempo di lettura stimato":"2 minuti"},"schema":{"@context":"https:\/\/schema.org","@graph":[{"@type":"Article","@id":"https:\/\/www.indigovenice.com\/it\/unconventionalvenice\/passione-cinema-i-festival-piu-attesi-tra-venezia-e-roma\/#article","isPartOf":{"@id":"https:\/\/www.indigovenice.com\/it\/unconventionalvenice\/passione-cinema-i-festival-piu-attesi-tra-venezia-e-roma\/"},"author":{"name":"asfarasyoucan","@id":"https:\/\/www.indigovenice.com\/it\/#\/schema\/person\/5d279c8c7f3e6029548c5e36c5575e44"},"headline":"Passione Cinema: i festival pi\u00f9 attesi tra Venezia e Roma","datePublished":"2023-08-29T10:46:16+00:00","dateModified":"2023-08-29T12:15:56+00:00","mainEntityOfPage":{"@id":"https:\/\/www.indigovenice.com\/it\/unconventionalvenice\/passione-cinema-i-festival-piu-attesi-tra-venezia-e-roma\/"},"wordCount":480,"inLanguage":"it-IT"},{"@type":"WebPage","@id":"https:\/\/www.indigovenice.com\/it\/unconventionalvenice\/passione-cinema-i-festival-piu-attesi-tra-venezia-e-roma\/","url":"https:\/\/www.indigovenice.com\/it\/unconventionalvenice\/passione-cinema-i-festival-piu-attesi-tra-venezia-e-roma\/","name":"Passione Cinema: i festival pi\u00f9 attesi tra Venezia e Roma - Hotel Indigo Venice - Sant'Elena","isPartOf":{"@id":"https:\/\/www.indigovenice.com\/it\/#website"},"datePublished":"2023-08-29T10:46:16+00:00","dateModified":"2023-08-29T12:15:56+00:00","author":{"@id":"https:\/\/www.indigovenice.com\/it\/#\/schema\/person\/5d279c8c7f3e6029548c5e36c5575e44"},"description":"Venezia e Roma ospiteranno un finale d\u2019estate ed un autunno imperidbili per chi ama il Cinema. Due eventi attesi dedicati alla settima arte.","breadcrumb":{"@id":"https:\/\/www.indigovenice.com\/it\/unconventionalvenice\/passione-cinema-i-festival-piu-attesi-tra-venezia-e-roma\/#breadcrumb"},"inLanguage":"it-IT","potentialAction":[{"@type":"ReadAction","target":["https:\/\/www.indigovenice.com\/it\/unconventionalvenice\/passione-cinema-i-festival-piu-attesi-tra-venezia-e-roma\/"]}]},{"@type":"BreadcrumbList","@id":"https:\/\/www.indigovenice.com\/it\/unconventionalvenice\/passione-cinema-i-festival-piu-attesi-tra-venezia-e-roma\/#breadcrumb","itemListElement":[{"@type":"ListItem","position":1,"name":"Home","item":"https:\/\/www.indigovenice.com\/it\/"},{"@type":"ListItem","position":2,"name":"Passione Cinema: i festival pi\u00f9 attesi tra Venezia e Roma"}]},{"@type":"WebSite","@id":"https:\/\/www.indigovenice.com\/it\/#website","url":"https:\/\/www.indigovenice.com\/it\/","name":"Hotel Indigo Venice - Sant'Elena","description":"Just another ms.decms.eu site","potentialAction":[{"@type":"SearchAction","target":{"@type":"EntryPoint","urlTemplate":"https:\/\/www.indigovenice.com\/it\/?s={search_term_string}"},"query-input":{"@type":"PropertyValueSpecification","valueRequired":true,"valueName":"search_term_string"}}],"inLanguage":"it-IT"},{"@type":"Person","@id":"https:\/\/www.indigovenice.com\/it\/#\/schema\/person\/5d279c8c7f3e6029548c5e36c5575e44","name":"asfarasyoucan","image":{"@type":"ImageObject","inLanguage":"it-IT","@id":"https:\/\/www.indigovenice.com\/it\/#\/schema\/person\/image\/","url":"https:\/\/secure.gravatar.com\/avatar\/5d459d7b5e0de39a24cccd2bd597538aafc77979f5565a342701800360b2cf16?s=96&d=mm&r=g","contentUrl":"https:\/\/secure.gravatar.com\/avatar\/5d459d7b5e0de39a24cccd2bd597538aafc77979f5565a342701800360b2cf16?s=96&d=mm&r=g","caption":"asfarasyoucan"},"url":"https:\/\/www.indigovenice.com\/it\/author\/asfarasyoucan\/"}]}},"acf":[],"_links":{"self":[{"href":"https:\/\/www.indigovenice.com\/it\/wp-json\/wp\/v2\/posts\/2654","targetHints":{"allow":["GET"]}}],"collection":[{"href":"https:\/\/www.indigovenice.com\/it\/wp-json\/wp\/v2\/posts"}],"about":[{"href":"https:\/\/www.indigovenice.com\/it\/wp-json\/wp\/v2\/types\/post"}],"author":[{"embeddable":true,"href":"https:\/\/www.indigovenice.com\/it\/wp-json\/wp\/v2\/users\/125"}],"replies":[{"embeddable":true,"href":"https:\/\/www.indigovenice.com\/it\/wp-json\/wp\/v2\/comments?post=2654"}],"version-history":[{"count":0,"href":"https:\/\/www.indigovenice.com\/it\/wp-json\/wp\/v2\/posts\/2654\/revisions"}],"wp:attachment":[{"href":"https:\/\/www.indigovenice.com\/it\/wp-json\/wp\/v2\/media?parent=2654"}],"curies":[{"name":"wp","href":"https:\/\/api.w.org\/{rel}","templated":true}]}}